{"id":101869,"date":"2023-07-13T02:45:43","date_gmt":"2023-07-13T06:45:43","guid":{"rendered":"https:\/\/www.iaff.org\/news\/los-bomberos-de-newark-votan-a-favor-de-unirse-a-la-aib\/"},"modified":"2025-12-03T14:54:37","modified_gmt":"2025-12-03T19:54:37","slug":"los-bomberos-de-newark-votan-a-favor-de-unirse-a-la-aib","status":"publish","type":"news","link":"https:\/\/www.iaff.org\/es\/news\/los-bomberos-de-newark-votan-a-favor-de-unirse-a-la-aib\/","title":{"rendered":"Los bomberos de Newark votan a favor de unirse a la AIB"},"content":{"rendered":"<div class=\"wp-block-paragraph \">\n<p>Los miembros del Sindicato de Bomberos de Newark votaron en una reuni\u00f3n con aforo completo para unirse a la Asociaci\u00f3n Internacional de Bomberos el 12 de julio.<\/p>\n<\/div><div class=\"wp-block-paragraph \">\n<p>La reafiliaci\u00f3n proporciona a los bomberos de Newark acceso completo a los recursos y beneficios de la AIB, incluidos los programas de formaci\u00f3n, los recursos de comunicaci\u00f3n, la defensa legislativa y el apoyo legal. Newark se uni\u00f3 originalmente a la AIB el 15 de abril de 1918 como Local 71. <\/p>\n<\/div><div class=\"wp-block-paragraph \">\n<p>\u201cEstamos entusiasmados de formar parte de la AIB\u201d, dijo el presidente del Sindicato de Bomberos de Newark (NFU), Michael Giunta. \u201cLa Asociaci\u00f3n Internacional tiene un compromiso inquebrantable de proteger a sus miembros y a sus familias, y juntos, s\u00e9 que podemos mejorar las condiciones de trabajo de los bomberos de Newark.\u201d <\/p>\n<\/div><div class=\"wp-block-paragraph \">\n<p>Los bomberos de Newark Augusto \u201cAugie\u201d Acabou, de 45 a\u00f1os, y Wayne \u201cBear\u201d Brooks Jr., de 49 a\u00f1os, fallecieron la semana pasada tras responder a un incendio en Port Newark. El incidente puso de relieve las preocupaciones sist\u00e9micas sobre la dotaci\u00f3n de personal, la formaci\u00f3n y las condiciones de los aparatos que el NFU y el Sindicato de Oficiales de Bomberos de Newark Local 1860 han planteado durante mucho tiempo a los funcionarios de la ciudad. <\/p>\n<\/div><div class=\"wp-block-paragraph \">\n<p>\u201cEl legado del sacrificio de Augie y Bear ser\u00e1 un Newark m\u00e1s seguro para los ciudadanos y los hermanos y hermanas a los que sirvieron\u201d, dijo el presidente general Edward Kelly. \u201cNuestro sindicato honrar\u00e1 su memoria asegur\u00e1ndose de que los bomberos de Newark tengan una voz colectiva m\u00e1s fuerte para defender la seguridad, el bienestar y la protecci\u00f3n de la comunidad.\u201d <\/p>\n<\/div><div class=\"wp-block-paragraph \">\n<p>\u201cJuntos somos m\u00e1s fuertes\u201d, a\u00f1adi\u00f3 el vicepresidente del 1er Distrito, James Slevin. \u201cMe enorgullece apoyar y dar la bienvenida al Sindicato de Bomberos de Newark de nuevo a la AIB.\u201d <\/p>\n<\/div>","protected":false},"featured_media":101870,"menu_order":0,"template":"","tags":[],"class_list":["post-101869","news","type-news","status-publish","has-post-thumbnail","hentry"],"acf":[],"publishpress_future_workflow_manual_trigger":{"enabledWorkflows":[]},"_links":{"self":[{"href":"https:\/\/www.iaff.org\/es\/wp-json\/wp\/v2\/news\/101869","targetHints":{"allow":["GET"]}}],"collection":[{"href":"https:\/\/www.iaff.org\/es\/wp-json\/wp\/v2\/news"}],"about":[{"href":"https:\/\/www.iaff.org\/es\/wp-json\/wp\/v2\/types\/news"}],"version-history":[{"count":0,"href":"https:\/\/www.iaff.org\/es\/wp-json\/wp\/v2\/news\/101869\/revisions"}],"wp:featuredmedia":[{"embeddable":true,"href":"https:\/\/www.iaff.org\/es\/wp-json\/wp\/v2\/media\/101870"}],"wp:attachment":[{"href":"https:\/\/www.iaff.org\/es\/wp-json\/wp\/v2\/media?parent=101869"}],"wp:term":[{"taxonomy":"post_tag","embeddable":true,"href":"https:\/\/www.iaff.org\/es\/wp-json\/wp\/v2\/tags?post=101869"}],"curies":[{"name":"wp","href":"https:\/\/api.w.org\/{rel}","templated":true}]}}