{"id":101834,"date":"2023-07-21T14:33:36","date_gmt":"2023-07-21T18:33:36","guid":{"rendered":"https:\/\/www.iaff.org\/news\/se-jubila-el-bombero-con-mas-anos-de-servicio-de-la-autoridad-regional-de-bomberos-de-puget-sound\/"},"modified":"2025-07-21T12:55:07","modified_gmt":"2025-07-21T16:55:07","slug":"se-jubila-el-bombero-con-mas-anos-de-servicio-de-la-autoridad-regional-de-bomberos-de-puget-sound","status":"publish","type":"news","link":"https:\/\/www.iaff.org\/es\/news\/se-jubila-el-bombero-con-mas-anos-de-servicio-de-la-autoridad-regional-de-bomberos-de-puget-sound\/","title":{"rendered":"Se jubila el bombero con m\u00e1s a\u00f1os de servicio de la autoridad regional de bomberos de Puget Sound"},"content":{"rendered":"<div class=\"wp-block-paragraph \">\n<p>El l\u00edder sindical y miembro del Local 1747 de Kent, WA, Terry McCartin, de 62 a\u00f1os, cuelga su equipo de intervenci\u00f3n despu\u00e9s de m\u00e1s de 43 a\u00f1os en el trabajo.<\/p>\n<\/div><div class=\"wp-block-paragraph \">\n<p>Debido a que McCartin creci\u00f3 a lo largo de una importante ruta de respuesta del departamento de bomberos en Bellingham, Washington, ve\u00eda pasar los veh\u00edculos de bomberos por su casa todos los d\u00edas. \u201cEso fue todo lo que necesit\u00e9. Nunca quise hacer otra cosa\u201d, dijo. <\/p>\n<\/div><div class=\"wp-block-paragraph \">\n<p>Poco despu\u00e9s de graduarse de la escuela secundaria, McCartin asisti\u00f3 a la academia de bomberos local y se uni\u00f3 al departamento de bomberos y al Local 1747 de Kent en 1980. <\/p>\n<\/div><div class=\"wp-block-paragraph \">\n<p>Como bombero, McCartin siempre busc\u00f3 formas de mejorar sus habilidades y, finalmente, ascendi\u00f3 de rango, sirviendo 13 de sus 43 a\u00f1os en el servicio de bomberos en el departamento de prevenci\u00f3n de incendios. Se jubil\u00f3 como capit\u00e1n en la estaci\u00f3n de bomberos 72.  <\/p>\n<\/div><div class=\"wp-block-paragraph \">\n<p>\u201cParticip\u00e9 en varias llamadas memorables, pero la que realmente destaca fue un incendio de un complejo de apartamentos de cinco alarmas. Fue durante mi mandato en la oficina de prevenci\u00f3n de incendios, pero aun as\u00ed me enviaron a la llamada\u201d, dijo McCartin. \u201cResult\u00f3 ser los apartamentos en los que viv\u00eda cuando estaba en la escuela de novatos. Siempre es triste cuando perdemos una residencia o un complejo de apartamentos por un incendio, pero afecta de manera diferente cuando el lugar [es un lugar donde has vivido].\u201d  <\/p>\n<\/div><div class=\"wp-block-paragraph \">\n<p>Durante su carrera, McCartin fue muy activo dentro del sindicato, ocupando muchos cargos, incluyendo el de fideicomisario de turno, secretario y vicepresidente. Pero fue en su calidad de presidente del Comit\u00e9 de Acci\u00f3n Pol\u00edtica (PAC) del sindicato local donde pudo tener el mayor impacto.  <\/p>\n<\/div><div class=\"wp-block-paragraph \">\n<p>\u201cGracias a sus influyentes relaciones con los funcionarios electos, nuestros miembros locales disfrutan de uno de los paquetes de salarios y beneficios m\u00e1s deseables del estado. Tambi\u00e9n fue influyente en la creaci\u00f3n de la Autoridad Regional de Bomberos de Puget Sound y la implementaci\u00f3n de un cargo permanente por beneficios de bomberos\u201d, dijo el presidente del Local 1747, Keven Rojecki. \u201cLos miembros del Local 1747 est\u00e1n agradecidos por todo lo que ha hecho y le desean una jubilaci\u00f3n feliz y saludable.\u201d  <\/p>\n<\/div><div class=\"wp-block-paragraph \">\n<p>Los esfuerzos de McCartin en la creaci\u00f3n de la autoridad regional de bomberos fueron fundamentales para dar al departamento de bomberos m\u00e1s voz en los asuntos presupuestarios. Las autoridades regionales de bomberos son gestionadas por su propia junta de gobierno y financiadas por un porcentaje de los impuestos sobre la propiedad y un cargo por beneficios de bomberos.  <\/p>\n<\/div><div class=\"wp-block-paragraph \">\n<p>Tambi\u00e9n desempe\u00f1\u00f3 un papel crucial en garantizar un flujo de ingresos constante para la autoridad de bomberos al hacer campa\u00f1a con \u00e9xito para que los votantes renovaran el cargo por beneficios de bomberos cada seis a\u00f1os. Y cuando la legislatura estatal aprob\u00f3 una ley que permit\u00eda un cargo permanente por beneficios, McCartin solicit\u00f3 con \u00e9xito a los votantes en 2021 que apoyaran su permanencia, eliminando la necesidad de una nueva autorizaci\u00f3n en el futuro.  <\/p>\n<\/div><div class=\"wp-block-paragraph \">\n<p>En junio de 2023, McCartin fue reconocido por todas sus contribuciones con el premio Ricky J. Walsh Fully Involved en la convenci\u00f3n del Consejo de Bomberos del Estado de Washington. El premio honra a aquellos que han demostrado su compromiso y han puesto a los dem\u00e1s antes que a s\u00ed mismos dedicando tiempo y energ\u00eda a mejorar el valor de su sindicato. <\/p>\n<\/div><div class=\"wp-block-paragraph \">\n<p>\u201cNo se me ocurre nadie m\u00e1s merecedor de reconocimiento que el hermano McCartin\u201d, dijo el vicepresidente del 7\u00ba Distrito y hom\u00f3nimo del premio, Ricky Walsh. \u201cDesde su primer d\u00eda de trabajo, se mantuvo dedicado a la profesi\u00f3n y a sus compa\u00f1eros sindicalistas. En nombre del 7\u00ba Distrito, gracias por todo lo que ha hecho y felicidades por una jubilaci\u00f3n bien merecida.\u201d  <\/p>\n<\/div><div class=\"wp-block-paragraph \">\n<p>El presidente general Edward Kelly reconoci\u00f3 el compromiso de McMartin con el servicio de bomberos durante mucho tiempo. <\/p>\n<\/div><div class=\"wp-block-paragraph \">\n<p>\u201cDespu\u00e9s de m\u00e1s de cuatro d\u00e9cadas de servicio, el hermano McCartin merece una feliz jubilaci\u00f3n\u201d, dijo Kelly. \u201cEstamos agradecidos por su servicio a sus hermanos y hermanas en el trabajo y le deseamos lo mejor. Gracias por un trabajo bien hecho.\u201d  <\/p>\n<\/div>","protected":false},"featured_media":101835,"menu_order":0,"template":"","tags":[],"class_list":["post-101834","news","type-news","status-publish","has-post-thumbnail","hentry"],"acf":[],"publishpress_future_workflow_manual_trigger":{"enabledWorkflows":[]},"_links":{"self":[{"href":"https:\/\/www.iaff.org\/es\/wp-json\/wp\/v2\/news\/101834","targetHints":{"allow":["GET"]}}],"collection":[{"href":"https:\/\/www.iaff.org\/es\/wp-json\/wp\/v2\/news"}],"about":[{"href":"https:\/\/www.iaff.org\/es\/wp-json\/wp\/v2\/types\/news"}],"version-history":[{"count":0,"href":"https:\/\/www.iaff.org\/es\/wp-json\/wp\/v2\/news\/101834\/revisions"}],"wp:featuredmedia":[{"embeddable":true,"href":"https:\/\/www.iaff.org\/es\/wp-json\/wp\/v2\/media\/101835"}],"wp:attachment":[{"href":"https:\/\/www.iaff.org\/es\/wp-json\/wp\/v2\/media?parent=101834"}],"wp:term":[{"taxonomy":"post_tag","embeddable":true,"href":"https:\/\/www.iaff.org\/es\/wp-json\/wp\/v2\/tags?post=101834"}],"curies":[{"name":"wp","href":"https:\/\/api.w.org\/{rel}","templated":true}]}}