{"id":101542,"date":"2023-09-20T20:26:15","date_gmt":"2023-09-21T00:26:15","guid":{"rendered":"https:\/\/www.iaff.org\/news\/el-monumento-a-los-bomberos-caidos-de-aib-honra-a-mas-de-500-miembros\/"},"modified":"2025-12-03T14:51:46","modified_gmt":"2025-12-03T19:51:46","slug":"el-monumento-a-los-bomberos-caidos-de-aib-honra-a-mas-de-500-miembros","status":"publish","type":"news","link":"https:\/\/www.iaff.org\/es\/news\/el-monumento-a-los-bomberos-caidos-de-aib-honra-a-mas-de-500-miembros\/","title":{"rendered":"El Monumento a los Bomberos Ca\u00eddos de la AIB honra a m\u00e1s de 500 miembros"},"content":{"rendered":"<div class=\"wp-block-paragraph \">\n<p>M\u00e1s de 500 nombres han sido grabados recientemente en los muros de granito del Monumento a los Bomberos Ca\u00eddos de AIB, en honor a los miembros que hicieron el m\u00e1ximo sacrificio entre 2021 y 2022. Fueron recordados en una ceremonia solemne y conmovedora celebrada en Colorado Springs el 16 de septiembre. <\/p>\n<\/div><div class=\"wp-block-paragraph \">\n<p>\u201cNo es c\u00f3mo murieron, sino c\u00f3mo vivieron\u201d, dijo el presidente general Edward Kelly. \u201cCada bombero, independientemente de su origen o nacimiento, est\u00e1 unido por un prop\u00f3sito com\u00fan: el deseo de servir.\u201d <\/p>\n<\/div><div class=\"wp-block-paragraph \">\n<p>Reconoci\u00f3 los diversos peligros a los que se enfrentaban, como el c\u00e1ncer ocupacional, las lesiones mortales, las enfermedades y el suicidio. Sus sacrificios, enfatiz\u00f3 Kelly, son la base de la profesi\u00f3n de bombero, record\u00e1ndonos los peligros a los que se enfrentan los miembros a diario. <\/p>\n<\/div><div class=\"wp-block-paragraph \">\n<p>\u201cEste trabajo, esta vocaci\u00f3n nuestra, se lleva demasiadas vidas demasiado pronto\u201d, dijo. \u201cNuestro sindicato, este AIB, honra su sacrificio prometiendo hacer que nuestro peligroso trabajo sea lo m\u00e1s seguro posible.\u201d <\/p>\n<\/div><div class=\"wp-block-paragraph \">\n<p>\u201cRecordamos su hero\u00edsmo, la forma en que estos hombres y mujeres corrientes hicieron cosas extraordinarias por extra\u00f1os en cada llamada, en cada carrera. Salvaron vidas, cambiaron vidas, apoyaron a familias, tocaron corazones y fomentaron la comunidad. Nos lo dieron todo.\u201d<\/p>\n<\/div><div class=\"wp-block-paragraph \">\n<p>El presidente del Local 5 de Colorado Springs, Curt Crumb, habl\u00f3 del gran orgullo que el Local 5 -y la comunidad en general- siente al contemplar el Monumento a AIB.<\/p>\n<\/div><div class=\"wp-block-paragraph \">\n<p>\u201cTenemos la suerte de estar aqu\u00ed para vosotros; nos sentimos honrados de formar parte de esta ceremonia con vosotros\u201d, dijo. \u201cSabed que cuando decid\u00e1is volver, pod\u00e9is esperar que los hombres y mujeres del Local 5 est\u00e9n aqu\u00ed para vosotros entonces, igual que ahora. Y sabed que el Local 5 estar\u00e1 aqu\u00ed con vuestros seres queridos todos los dem\u00e1s d\u00edas del a\u00f1o.\u201d <\/p>\n<\/div><div class=\"wp-block-paragraph \">\n<p>El monumento es a la vez un recordatorio de la valent\u00eda que encarnan los bomberos y un llamamiento a proteger a las futuras generaciones de bomberos, dijo el alcalde de Colorado Springs, Yemi Mobolade.<\/p>\n<\/div><div class=\"wp-block-paragraph \">\n<p>\u201cLa p\u00e9rdida de un bombero es una p\u00e9rdida excesiva\u201d, dijo. \u201cTodas las comunidades, aqu\u00ed y m\u00e1s all\u00e1, deben seguir trabajando para garantizar que nuestros bomberos puedan operar en las condiciones m\u00e1s seguras posibles. Debemos invertir en nuevas tecnolog\u00edas para mantener seguros a nuestros bomberos, invertir en formaci\u00f3n que apoye esa seguridad y proporcionar el apoyo que necesitan para su salud f\u00edsica, su salud mental y su bienestar.\u201d <\/p>\n<\/div><div class=\"wp-block-paragraph \">\n<p>Tras las palabras de Mobolade, los miembros de la Guardia de Honor de AIB de ambos pa\u00edses leyeron los nombres de los fallecidos, haciendo sonar la campana y rindiendo un saludo con la bandera. A continuaci\u00f3n, un miembro de la Guardia de Honor entreg\u00f3 a la familia la bandera de la Internacional. En total, la campana son\u00f3 572 veces; 572 banderas entregadas por 572 hermanos y hermanas que sacrificaron sus vidas al servicio de los dem\u00e1s.  <\/p>\n<\/div><div class=\"wp-block-paragraph \">\n<p>Debido a la COVID, la ceremonia de este a\u00f1o incluy\u00f3 a los fallecidos en acto de servicio de 2021 (243 miembros) y 2022 (211 miembros).<\/p>\n<\/div><div class=\"wp-block-paragraph \">\n<p>Este a\u00f1o tambi\u00e9n se a\u00f1adieron al Monumento un total de 118 muertes en acto de servicio desde 1918 hasta 2020. Estos miembros murieron a causa de enfermedades profesionales reconocidas recientemente por su departamento de bomberos, su Local y sus gobiernos estatales o provinciales como ocurridas en acto de servicio. <\/p>\n<\/div><div class=\"wp-block-paragraph \">\n<p>El muro ahora incluye a 9224 miembros de la AIB que hicieron el m\u00e1ximo sacrificio.<\/p>\n<\/div><div class=\"wp-block-paragraph \">\n<p>\u201cHombres y mujeres que, independientemente de su posici\u00f3n en la vida, estaban unidos de la manera m\u00e1s importante: eran bomberos\u201d, dijo Kelly. \u201cQue siempre contemos sus historias, honremos sus recuerdos y celebremos sus vidas.\u201d <\/p>\n<\/div>","protected":false},"featured_media":101543,"menu_order":0,"template":"","tags":[],"class_list":["post-101542","news","type-news","status-publish","has-post-thumbnail","hentry"],"acf":[],"publishpress_future_workflow_manual_trigger":{"enabledWorkflows":[]},"_links":{"self":[{"href":"https:\/\/www.iaff.org\/es\/wp-json\/wp\/v2\/news\/101542","targetHints":{"allow":["GET"]}}],"collection":[{"href":"https:\/\/www.iaff.org\/es\/wp-json\/wp\/v2\/news"}],"about":[{"href":"https:\/\/www.iaff.org\/es\/wp-json\/wp\/v2\/types\/news"}],"version-history":[{"count":0,"href":"https:\/\/www.iaff.org\/es\/wp-json\/wp\/v2\/news\/101542\/revisions"}],"wp:featuredmedia":[{"embeddable":true,"href":"https:\/\/www.iaff.org\/es\/wp-json\/wp\/v2\/media\/101543"}],"wp:attachment":[{"href":"https:\/\/www.iaff.org\/es\/wp-json\/wp\/v2\/media?parent=101542"}],"wp:term":[{"taxonomy":"post_tag","embeddable":true,"href":"https:\/\/www.iaff.org\/es\/wp-json\/wp\/v2\/tags?post=101542"}],"curies":[{"name":"wp","href":"https:\/\/api.w.org\/{rel}","templated":true}]}}