{"id":101269,"date":"2023-11-03T18:58:59","date_gmt":"2023-11-03T22:58:59","guid":{"rendered":"https:\/\/www.iaff.org\/news\/los-bomberos-de-saskatchewan-celebran-la-mejora-de-la-cobertura-del-cancer-profesional\/"},"modified":"2025-07-16T10:10:05","modified_gmt":"2025-07-16T14:10:05","slug":"los-bomberos-de-saskatchewan-celebran-la-mejora-de-la-cobertura-del-cancer-profesional","status":"publish","type":"news","link":"https:\/\/www.iaff.org\/es\/news\/los-bomberos-de-saskatchewan-celebran-la-mejora-de-la-cobertura-del-cancer-profesional\/","title":{"rendered":"Los bomberos de Saskatchewan celebran la mejora de la cobertura del c\u00e1ncer profesional"},"content":{"rendered":"<div class=\"wp-block-paragraph \">\n<p>Los bomberos y param\u00e9dicos profesionales de Saskatchewan recibieron con satisfacci\u00f3n la noticia del 25 de octubre de que la provincia a\u00f1adir\u00e1 seis tipos de c\u00e1ncer a la lista de los considerados profesionales, lo que convierte a la provincia en l\u00edder nacional en cobertura presunta del c\u00e1ncer cuando se produzca el cambio.<\/p>\n<\/div><div class=\"wp-block-paragraph \">\n<p>La cobertura adicional ayudar\u00e1 a garantizar una compensaci\u00f3n justa a los bomberos que contraigan esos c\u00e1nceres y a sus familias, dijo el presidente de la Asociaci\u00f3n de Bomberos y Param\u00e9dicos Profesionales de Saskatchewan (SPFFPA), Lloyd Zwack.<\/p>\n<\/div><div class=\"wp-block-paragraph \">\n<p>El Gobierno de Saskatchewan anunci\u00f3 que seis tipos de c\u00e1ncer (pancre\u00e1tico, tiroideo, de pene y de laringe, junto con el mesotelioma y el sarcoma de tejidos blandos) se a\u00f1adir\u00e1n a la lista de los que se presumen profesionales entre los bomberos con un n\u00famero espec\u00edfico de a\u00f1os en el trabajo, lo que facilita el proceso de reclamaci\u00f3n de la compensaci\u00f3n de los trabajadores.<\/p>\n<\/div><div class=\"wp-block-paragraph \">\n<p>\u201cLa cobertura presunta es fundamental para garantizar que los bomberos diagnosticados de c\u00e1ncer tengan los recursos y la atenci\u00f3n que merecen con raz\u00f3n\u201d, dijo el presidente general Edward Kelly. \u201cMe alegra que nuestros miembros de Saskatchewan cuenten con estas protecciones adicionales y que su provincia siga uni\u00e9ndose a la batalla para apoyar a los bomberos con c\u00e1ncer.\u201d <\/p>\n<\/div><div class=\"wp-block-paragraph \">\n<p>Esos nuevos c\u00e1nceres elevan a 22 el n\u00famero de los considerados profesionales entre los bomberos profesionales de Saskatchewan, un nuevo punto de referencia nacional.<\/p>\n<\/div><div class=\"wp-block-paragraph \">\n<p>\u201cAgradecemos al Gobierno de Saskatchewan que reconozca una gama m\u00e1s amplia de c\u00e1nceres relacionados con nuestra profesi\u00f3n\u201d, dijo Zwack. \u201cEl c\u00e1ncer es una epidemia en el servicio de bomberos de Saskatchewan, como lo es en todo Canad\u00e1, y esta nueva cobertura garantizar\u00e1 que los afectados por estos c\u00e1nceres reciban la atenci\u00f3n y la compensaci\u00f3n que merecen.\u201d <\/p>\n<\/div><div class=\"wp-block-paragraph \">\n<p>Entre 2013 y 2022, un total de 474 miembros canadienses de AIB, incluidos 15 miembros de la SPFFPA, murieron a causa de c\u00e1nceres profesionales reconocidos formalmente, lo que representa el 94,4% de todas las muertes en acto de servicio durante ese per\u00edodo.<\/p>\n<\/div><div class=\"wp-block-paragraph \">\n<p>La legislaci\u00f3n presunta para las enfermedades relacionadas con el trabajo vinculadas a la extinci\u00f3n de incendios se promulg\u00f3 por primera vez en Manitoba en 2002, y ahora existe en las 13 provincias y territorios. La primera cobertura presunta de Saskatchewan se promulg\u00f3 en 2003 y se ha ampliado varias veces. Adem\u00e1s de los c\u00e1nceres, la legislaci\u00f3n presunta de Saskatchewan para los bomberos tambi\u00e9n incluye la cobertura para lesiones card\u00edacas y estr\u00e9s postraum\u00e1tico.  <\/p>\n<\/div><div class=\"wp-block-paragraph \">\n<p>La SPFFPA representa a 1.099 miembros en 10 delegaciones locales de toda la provincia, incluidos 754 bomberos.<\/p>\n<\/div>","protected":false},"featured_media":101270,"menu_order":0,"template":"","tags":[],"class_list":["post-101269","news","type-news","status-publish","has-post-thumbnail","hentry"],"acf":[],"publishpress_future_workflow_manual_trigger":{"enabledWorkflows":[]},"_links":{"self":[{"href":"https:\/\/www.iaff.org\/es\/wp-json\/wp\/v2\/news\/101269","targetHints":{"allow":["GET"]}}],"collection":[{"href":"https:\/\/www.iaff.org\/es\/wp-json\/wp\/v2\/news"}],"about":[{"href":"https:\/\/www.iaff.org\/es\/wp-json\/wp\/v2\/types\/news"}],"version-history":[{"count":0,"href":"https:\/\/www.iaff.org\/es\/wp-json\/wp\/v2\/news\/101269\/revisions"}],"wp:featuredmedia":[{"embeddable":true,"href":"https:\/\/www.iaff.org\/es\/wp-json\/wp\/v2\/media\/101270"}],"wp:attachment":[{"href":"https:\/\/www.iaff.org\/es\/wp-json\/wp\/v2\/media?parent=101269"}],"wp:term":[{"taxonomy":"post_tag","embeddable":true,"href":"https:\/\/www.iaff.org\/es\/wp-json\/wp\/v2\/tags?post=101269"}],"curies":[{"name":"wp","href":"https:\/\/api.w.org\/{rel}","templated":true}]}}