{"id":100851,"date":"2023-12-18T21:58:03","date_gmt":"2023-12-19T02:58:03","guid":{"rendered":"https:\/\/www.iaff.org\/news\/un-grupo-de-discusion-destaca-el-papel-de-los-bomberos-ante-todo-tipo-de-peligros\/"},"modified":"2025-07-15T12:05:58","modified_gmt":"2025-07-15T16:05:58","slug":"un-grupo-de-discusion-destaca-el-papel-de-los-bomberos-ante-todo-tipo-de-peligros","status":"publish","type":"news","link":"https:\/\/www.iaff.org\/es\/news\/un-grupo-de-discusion-destaca-el-papel-de-los-bomberos-ante-todo-tipo-de-peligros\/","title":{"rendered":"Un grupo de discusi\u00f3n destaca el papel de los bomberos ante todo tipo de peligros"},"content":{"rendered":"<div class=\"wp-block-paragraph \">\n<p>Los bomberos son la \u201cnavaja suiza\u201d de una comunidad, ya que responden no solo a incendios, sino tambi\u00e9n a llamadas m\u00e9dicas, ataques terroristas, desastres naturales, descarrilamientos de trenes, emergencias de salud conductual y mucho m\u00e1s. El papel de servicio ante todo tipo de peligros del cuerpo de bomberos del pa\u00eds fue un tema recurrente de un <a href=\"https:\/\/san.com\/commentary\/firefighters-share-what-they-wish-civilians-politicians-knew\/\" target=\"_blank\" rel=\"noreferrer noopener\">reciente grupo de discusi\u00f3n de miembros de AIB<\/a> dirigido por el encuestador y analista pol\u00edtico Dr. Frank Luntz. <\/p>\n<\/div><div class=\"wp-block-paragraph \">\n<p>\u201cNo hay emergencia a la que [los bomberos] no acudan y hagan todo lo posible por restablecer el orden\u201d, dijo Jeff, un miembro de AIB de Illinois. \u201cPero a veces hay cosas que simplemente no se pueden hacer porque no se tiene la mano de obra, porque no se tiene el equipo, porque no se tiene el personal, los equipos necesarios. Y esa es una de las principales fuentes de frustraci\u00f3n para muchas de las personas con las que trabajo\u201d. <\/p>\n<\/div><div class=\"wp-block-paragraph \">\n<p>Luntz habl\u00f3 con 17 miembros de todo Estados Unidos sobre sus carreras, lo que quieren que los civiles sepan sobre el cuerpo de bomberos y lo que esperan de los pol\u00edticos.<\/p>\n<\/div><div class=\"wp-block-paragraph \">\n<p>\u201cSomos profesionales m\u00e9dicos, somos profesionales de extinci\u00f3n de incendios y, en algunos casos, trabajadores sociales\u201d, dijo Tom, de Nevada.<\/p>\n<\/div><div class=\"wp-block-paragraph \">\n<p>Los bomberos y los trabajadores de emergencias m\u00e9dicas se enfrentan regularmente a traumas y estr\u00e9s en las llamadas. Esto no ha hecho m\u00e1s que aumentar desde la COVID, ya que los municipios tienen dificultades para dotar de personal a los departamentos. <\/p>\n<\/div><div class=\"wp-block-paragraph \">\n<p>\u201cEste trabajo puede ser la muerte por mil cortes\u201d, dijo Carolyn, de California. \u201cNos golpean todo el d\u00eda, todos los d\u00edas, con peque\u00f1as cosas que se acumulan\u201d. <\/p>\n<\/div><div class=\"wp-block-paragraph \">\n<p>A pesar de los desaf\u00edos, los miembros describieron su profundo aprecio por el trabajo.<\/p>\n<\/div><div class=\"wp-block-paragraph \">\n<p>\u201cSolo esas conexiones que hago cada d\u00eda, ya sea una llamada del SEM o una llamada de incendio, me aportan gran alegr\u00eda y significado\u201d, dijo Ross, de Minnesota. \u201cSiento que puedo ayudar a alguien todos y cada uno de los d\u00edas y, al menos, aportar un poco de alegr\u00eda a sus vidas en una situaci\u00f3n por lo dem\u00e1s estresante\u201d. <\/p>\n<\/div><div class=\"wp-block-paragraph \">\n<p>El grupo de discusi\u00f3n es una de las formas en que AIB est\u00e1 involucrando a los miembros de base antes de las elecciones de 2024. Se planea realizar una encuesta de opini\u00f3n a todos los miembros en enero. <\/p>\n<\/div>\n<iframe src=\"\/\/players.brightcove.net\/6279053007001\/default_default\/index.html?videoId=6343199240112\" width=\"680\" height=\"500\" frameborder=\"0\" allowfullscreen=\"allowfullscreen\" style=\"margin: 0 auto;\"><\/iframe>\n","protected":false},"featured_media":100852,"menu_order":0,"template":"","tags":[],"class_list":["post-100851","news","type-news","status-publish","has-post-thumbnail","hentry"],"acf":[],"publishpress_future_workflow_manual_trigger":{"enabledWorkflows":[]},"_links":{"self":[{"href":"https:\/\/www.iaff.org\/es\/wp-json\/wp\/v2\/news\/100851","targetHints":{"allow":["GET"]}}],"collection":[{"href":"https:\/\/www.iaff.org\/es\/wp-json\/wp\/v2\/news"}],"about":[{"href":"https:\/\/www.iaff.org\/es\/wp-json\/wp\/v2\/types\/news"}],"version-history":[{"count":0,"href":"https:\/\/www.iaff.org\/es\/wp-json\/wp\/v2\/news\/100851\/revisions"}],"wp:featuredmedia":[{"embeddable":true,"href":"https:\/\/www.iaff.org\/es\/wp-json\/wp\/v2\/media\/100852"}],"wp:attachment":[{"href":"https:\/\/www.iaff.org\/es\/wp-json\/wp\/v2\/media?parent=100851"}],"wp:term":[{"taxonomy":"post_tag","embeddable":true,"href":"https:\/\/www.iaff.org\/es\/wp-json\/wp\/v2\/tags?post=100851"}],"curies":[{"name":"wp","href":"https:\/\/api.w.org\/{rel}","templated":true}]}}