{"id":100550,"date":"2024-01-19T20:55:26","date_gmt":"2024-01-20T01:55:26","guid":{"rendered":"https:\/\/www.iaff.org\/news\/aib-respalda-el-proyecto-de-ley-de-compensacion-por-pfas-para-bomberos-militares\/"},"modified":"2025-12-03T14:50:56","modified_gmt":"2025-12-03T19:50:56","slug":"aib-respalda-el-proyecto-de-ley-de-compensacion-por-pfas-para-bomberos-militares","status":"publish","type":"news","link":"https:\/\/www.iaff.org\/es\/news\/aib-respalda-el-proyecto-de-ley-de-compensacion-por-pfas-para-bomberos-militares\/","title":{"rendered":"La AIB respalda el proyecto de ley de compensaci\u00f3n por PFAS para bomberos militares"},"content":{"rendered":"<section\n\t class=\"page-blocks iaff-page-blocks align wp-block-acf-page-blocks\" id=\"page-blocks_block_76c2e4fb371e9e1989c0234d71b0ebe3\">\n\t<div class=\"acf-innerblocks-container\">\n<div class=\"wp-block-paragraph \">\n<p>El AIB se enorgullece de brindar su apoyo al Proyecto de Ley de Compensaci\u00f3n por PFAS para Bomberos Militares (H.R. 6946), presentado por las representantes estadounidenses Marilyn Strickland y Bill Posey el 10 de enero. <\/p>\n<\/div>\n\n<div class=\"wp-block-paragraph \">\n<p>El proyecto de ley H.R. 6946 busca establecer un fondo para bomberos militares a fin de proporcionar una compensaci\u00f3n oportuna y adecuada a los bomberos militares actuales y anteriores, as\u00ed como a los sobrevivientes que padecen enfermedades relacionadas con la exposici\u00f3n a PFAS en el trabajo. <\/p>\n<\/div>\n\n<div class=\"wp-block-paragraph \">\n<p>\u201cLos bomberos militares, incluidos los miembros de nuestro distrito 16 empleados en instalaciones militares, desempe\u00f1an un papel fundamental en la seguridad de nuestra naci\u00f3n\u201d, dijo el presidente general Edward Kelly. \u201cLamentablemente, en el curso de este trabajo esencial, estos valientes hombres y mujeres est\u00e1n innecesariamente expuestos a espumas contra incendios t\u00f3xicas cargadas de PFAS, lo que los somete a tasas m\u00e1s altas de c\u00e1ncer y otros efectos graves para la salud.  <\/p>\n<\/div>\n\n<div class=\"wp-block-paragraph \">\n<p>\u201cEl Fondo de Compensaci\u00f3n para Bomberos Militares es una forma importante en que una naci\u00f3n agradecida puede agradecer a estos bomberos que enfrentan costos m\u00e9dicos de por vida\u201d <\/p>\n<\/div>\n\n<div class=\"wp-block-paragraph \">\n<p>Strickland estuvo de acuerdo y dijo que cuidar de los bomberos militares no es solo lo correcto, sino una pieza importante de la preparaci\u00f3n militar. <\/p>\n<\/div>\n\n<div class=\"wp-block-paragraph \">\n<p>\u201cLos bomberos militares, la mayor\u00eda de los cuales son civiles, est\u00e1n directamente expuestos a productos qu\u00edmicos PFAS en el trabajo y merecen una compensaci\u00f3n, especialmente por sus enfermedades relacionadas con el trabajo\u201d<\/p>\n<\/div>\n\n<div class=\"wp-block-paragraph \">\n<p>Y si los bomberos van a arriesgar sus vidas a sabiendas todos los d\u00edas, necesitan saber que alguien los respalda. <\/p>\n<\/div>\n\n<div class=\"wp-block-paragraph \">\n<p>\u201cNuestros bomberos merecen nuestra m\u00e1s sincera gratitud por arriesgar su salud y sus vidas al servicio de nuestras comunidades\u201d, dijo Posey. \u201cNecesitan nuestra garant\u00eda de que los cuidaremos como ellos nos cuidan a nosotros.\u201d  <\/p>\n<\/div>\n<\/div><\/section>\n","protected":false},"featured_media":92643,"menu_order":0,"template":"","tags":[164,157,160],"class_list":["post-100550","news","type-news","status-publish","has-post-thumbnail","hentry","tag-legislacion-ee-uu","tag-pfas-es","tag-victorias-laborales"],"acf":[],"publishpress_future_workflow_manual_trigger":{"enabledWorkflows":[]},"_links":{"self":[{"href":"https:\/\/www.iaff.org\/es\/wp-json\/wp\/v2\/news\/100550","targetHints":{"allow":["GET"]}}],"collection":[{"href":"https:\/\/www.iaff.org\/es\/wp-json\/wp\/v2\/news"}],"about":[{"href":"https:\/\/www.iaff.org\/es\/wp-json\/wp\/v2\/types\/news"}],"version-history":[{"count":0,"href":"https:\/\/www.iaff.org\/es\/wp-json\/wp\/v2\/news\/100550\/revisions"}],"wp:featuredmedia":[{"embeddable":true,"href":"https:\/\/www.iaff.org\/es\/wp-json\/wp\/v2\/media\/92643"}],"wp:attachment":[{"href":"https:\/\/www.iaff.org\/es\/wp-json\/wp\/v2\/media?parent=100550"}],"wp:term":[{"taxonomy":"post_tag","embeddable":true,"href":"https:\/\/www.iaff.org\/es\/wp-json\/wp\/v2\/tags?post=100550"}],"curies":[{"name":"wp","href":"https:\/\/api.w.org\/{rel}","templated":true}]}}